{"id":9232,"date":"2025-04-29T13:14:45","date_gmt":"2025-04-29T13:14:45","guid":{"rendered":"https:\/\/www.suoredellepoverelle.it\/ita\/?p=9232"},"modified":"2025-04-29T13:16:45","modified_gmt":"2025-04-29T13:16:45","slug":"riconoscere-e-denunciare-lingiustizia","status":"publish","type":"post","link":"https:\/\/www.suoredellepoverelle.it\/ita\/2025\/04\/29\/riconoscere-e-denunciare-lingiustizia\/","title":{"rendered":"RICONOSCERE E DENUNCIARE L\u2019INGIUSTIZIA"},"content":{"rendered":"<div class=\"fusion-fullwidth fullwidth-box fusion-builder-row-1 fusion-flex-container has-pattern-background has-mask-background nonhundred-percent-fullwidth non-hundred-percent-height-scrolling\" style=\"--awb-border-radius-top-left:0px;--awb-border-radius-top-right:0px;--awb-border-radius-bottom-right:0px;--awb-border-radius-bottom-left:0px;--awb-flex-wrap:wrap;\" ><div class=\"fusion-builder-row fusion-row fusion-flex-align-items-flex-start fusion-flex-content-wrap\" style=\"max-width:calc( 1170px + 0px );margin-left: calc(-0px \/ 2 );margin-right: calc(-0px \/ 2 );\"><div class=\"fusion-layout-column fusion_builder_column fusion-builder-column-0 fusion_builder_column_1_1 1_1 fusion-flex-column\" style=\"--awb-bg-size:cover;--awb-width-large:100%;--awb-margin-top-large:0px;--awb-spacing-right-large:0px;--awb-margin-bottom-large:20px;--awb-spacing-left-large:0px;--awb-width-medium:100%;--awb-order-medium:0;--awb-spacing-right-medium:0px;--awb-spacing-left-medium:0px;--awb-width-small:100%;--awb-order-small:0;--awb-spacing-right-small:0px;--awb-spacing-left-small:0px;\"><div class=\"fusion-column-wrapper fusion-column-has-shadow fusion-flex-justify-content-flex-start fusion-content-layout-column\"><div class=\"fusion-title title fusion-title-1 fusion-title-text fusion-title-size-six\" style=\"--awb-text-color:#ff9800;--awb-margin-bottom:15px;\"><div class=\"title-sep-container title-sep-container-left fusion-no-large-visibility fusion-no-medium-visibility fusion-no-small-visibility\"><div class=\"title-sep sep- sep-solid\" style=\"border-color:#e2e2e2;\"><\/div><\/div><span class=\"awb-title-spacer fusion-no-large-visibility fusion-no-medium-visibility fusion-no-small-visibility\"><\/span><h6 class=\"fusion-title-heading title-heading-left fusion-responsive-typography-calculated\" style=\"margin:0;--fontSize:15;--minFontSize:15;line-height:1.54;\"><p style=\"text-align: center;\">Sara Modora<\/p><\/h6><span class=\"awb-title-spacer\"><\/span><div class=\"title-sep-container title-sep-container-right\"><div class=\"title-sep sep- sep-solid\" style=\"border-color:#e2e2e2;\"><\/div><\/div><\/div><div class=\"fusion-text fusion-text-1\"><p style=\"text-align: justify;\">La giustizia \u00e8 equit\u00e0, quindi si realizza quando si garantiscono pari opportunit\u00e0 a tutti. Nello specifico contesto della Casa Rifugio in cui svolgo il mio lavoro quotidiano, &#8220;giustizia&#8221; significa riconoscere le differenze e i diversi punti di partenza, che sono all&#8217;origine di iniquit\u00e0 dovute a povert\u00e0 culturali e socioeconomiche e che sono la conseguenza di un potere, esercitato da chi \u00e8 forte sul debole, sulle donne, sulle madri, sui bambini e sulle bambine, radicato da tempo. Tenere a mente il concetto di giustizia significa guardare ogni giorno l\u2019altro, ricordarmi chi \u00e8, qual \u00e8 la sua vita, porlo nella condizione di stare bene e di migliorare la propria condizione.<\/p>\n<p style=\"text-align: justify;\">In Casa Rifugio, la giustizia consiste nel garantire che la violenza subita da donne, bambini e bambine sia riconosciuta e nominata, e che chi l\u2019ha perpetrata sia considerato l\u2019unico responsabile. Ogni donna accolta pu\u00f2 ripartire e camminare verso il futuro con maggiore forza se le viene riconosciuto il torto subito. Per questo motivo, rendere giustizia significa vivere in una casa abitata da persone che credono in te e sono al tuo fianco, perch\u00e9 tu non debba pi\u00f9 subire, ma camminare a testa alta.<\/p>\n<p style=\"text-align: justify;\">Rendere giustizia significa anche sollecitare la societ\u00e0 a un&#8217;assunzione di responsabilit\u00e0 collettiva e a considerare il mondo come un insieme di disuguaglianze che non sono una questione di fortuna o sfortuna, di merito o demerito, ma un modo di concepire la condizione e la posizione che l&#8217;essere umano occupa nella propria vita. Siamo tutti chiamati a fare la nostra parte nei confronti di chi si trova dalla parte sbagliata, perch\u00e9 vittima di soprusi, sfruttamento e violenze fisiche, psicologiche ed economiche.<\/p>\n<p style=\"text-align: justify;\">Non possiamo cambiare il mondo, ma possiamo impegnarci a essere vigili nel nostro lavoro e a portare la voce di chi non ha voce presso le istituzioni con cui collaboriamo. Nel quotidiano dobbiamo essere pronti a dialogare, ad aprire spazi di confronto e di riflessione per mettere al centro un senso di giustizia per tutte, opponendoci e rifiutando la logica del pi\u00f9 forte che tende a dominare e a controllare l\u2019altro. Le violenze perpetrate dentro e fuori dalla famiglia sono la conseguenza di una societ\u00e0 strutturata sull\u2019ingiustizia, sulla disparit\u00e0, sulla mancanza di rispetto, sul bisogno di distruzione e annientamento dell\u2019altro. Le donne che vivono nella Casa Rifugio rischiano di essere annientate ogni giorno dai tentativi di sabotaggio della loro credibilit\u00e0, non solo da parte dell\u2019uomo che ha agito violenza, ma anche nelle aule dei tribunali, attraverso azioni mirate che non rappresentano un aiuto, ma una sorta di percorso ad ostacoli.<\/p>\n<p style=\"text-align: justify;\">In Casa Rifugio chi ha subito violenza e ingiustizia si sente al sicuro, attraverso la certezza che c\u2019\u00e8 un punto fermo, una casa pronta ad accogliere, abitata da persone che, con i gesti e le parole, infondono quella speranza fatta della cura di chi non smette di sognare.<\/p>\n<\/div><div class=\"fusion-separator fusion-full-width-sep\" style=\"align-self: center;margin-left: auto;margin-right: auto;margin-top:5px;margin-bottom:5px;width:100%;\"><div class=\"fusion-separator-border sep-single sep-solid\" style=\"--awb-height:20px;--awb-amount:20px;border-color:#e0dede;border-top-width:1px;\"><\/div><\/div><div class=\"fusion-text fusion-text-2\"><p style=\"text-align: left;\"><a href=\"https:\/\/www.suoredellepoverelle.it\/ita\/rivista-charitas\/\"><strong>Torna alla pagina di Charitas<\/strong><\/a><\/p>\n<\/div><\/div><\/div><\/div><\/div>\n","protected":false},"excerpt":{"rendered":"","protected":false},"author":1,"featured_media":9235,"comment_status":"closed","ping_status":"closed","sticky":false,"template":"","format":"standard","meta":{"om_disable_all_campaigns":false,"_monsterinsights_skip_tracking":false,"_monsterinsights_sitenote_active":false,"_monsterinsights_sitenote_note":"","_monsterinsights_sitenote_category":0,"_price":"","_stock":"","_tribe_ticket_header":"","_tribe_default_ticket_provider":"","_ticket_start_date":"","_ticket_end_date":"","_tribe_ticket_show_description":"","_tribe_ticket_show_not_going":false,"_tribe_ticket_use_global_stock":"","_tribe_ticket_global_stock_level":"","_global_stock_mode":"","_global_stock_cap":"","_tribe_rsvp_for_event":"","_tribe_ticket_going_count":"","_tribe_ticket_not_going_count":"","_tribe_tickets_list":"[]","_tribe_ticket_has_attendee_info_fields":false,"footnotes":""},"categories":[54],"tags":[],"class_list":["post-9232","post","type-post","status-publish","format-standard","has-post-thumbnail","hentry","category-ch-nella-chiesa"],"aioseo_notices":[],"_links":{"self":[{"href":"https:\/\/www.suoredellepoverelle.it\/ita\/wp-json\/wp\/v2\/posts\/9232","targetHints":{"allow":["GET"]}}],"collection":[{"href":"https:\/\/www.suoredellepoverelle.it\/ita\/wp-json\/wp\/v2\/posts"}],"about":[{"href":"https:\/\/www.suoredellepoverelle.it\/ita\/wp-json\/wp\/v2\/types\/post"}],"author":[{"embeddable":true,"href":"https:\/\/www.suoredellepoverelle.it\/ita\/wp-json\/wp\/v2\/users\/1"}],"replies":[{"embeddable":true,"href":"https:\/\/www.suoredellepoverelle.it\/ita\/wp-json\/wp\/v2\/comments?post=9232"}],"version-history":[{"count":2,"href":"https:\/\/www.suoredellepoverelle.it\/ita\/wp-json\/wp\/v2\/posts\/9232\/revisions"}],"predecessor-version":[{"id":9234,"href":"https:\/\/www.suoredellepoverelle.it\/ita\/wp-json\/wp\/v2\/posts\/9232\/revisions\/9234"}],"wp:featuredmedia":[{"embeddable":true,"href":"https:\/\/www.suoredellepoverelle.it\/ita\/wp-json\/wp\/v2\/media\/9235"}],"wp:attachment":[{"href":"https:\/\/www.suoredellepoverelle.it\/ita\/wp-json\/wp\/v2\/media?parent=9232"}],"wp:term":[{"taxonomy":"category","embeddable":true,"href":"https:\/\/www.suoredellepoverelle.it\/ita\/wp-json\/wp\/v2\/categories?post=9232"},{"taxonomy":"post_tag","embeddable":true,"href":"https:\/\/www.suoredellepoverelle.it\/ita\/wp-json\/wp\/v2\/tags?post=9232"}],"curies":[{"name":"wp","href":"https:\/\/api.w.org\/{rel}","templated":true}]}}