{"id":9241,"date":"2025-04-29T13:33:36","date_gmt":"2025-04-29T13:33:36","guid":{"rendered":"https:\/\/www.suoredellepoverelle.it\/ita\/?p=9241"},"modified":"2025-04-29T13:34:47","modified_gmt":"2025-04-29T13:34:47","slug":"giustizia-come-responsabilita","status":"publish","type":"post","link":"https:\/\/www.suoredellepoverelle.it\/ita\/2025\/04\/29\/giustizia-come-responsabilita\/","title":{"rendered":"GIUSTIZIA COME&#8230; RESPONSABILITA&#8217;"},"content":{"rendered":"<div class=\"fusion-fullwidth fullwidth-box fusion-builder-row-1 fusion-flex-container has-pattern-background has-mask-background nonhundred-percent-fullwidth non-hundred-percent-height-scrolling\" style=\"--awb-border-radius-top-left:0px;--awb-border-radius-top-right:0px;--awb-border-radius-bottom-right:0px;--awb-border-radius-bottom-left:0px;--awb-flex-wrap:wrap;\" ><div class=\"fusion-builder-row fusion-row fusion-flex-align-items-flex-start fusion-flex-content-wrap\" style=\"max-width:calc( 1170px + 0px );margin-left: calc(-0px \/ 2 );margin-right: calc(-0px \/ 2 );\"><div class=\"fusion-layout-column fusion_builder_column fusion-builder-column-0 fusion_builder_column_1_1 1_1 fusion-flex-column\" style=\"--awb-bg-size:cover;--awb-width-large:100%;--awb-margin-top-large:0px;--awb-spacing-right-large:0px;--awb-margin-bottom-large:20px;--awb-spacing-left-large:0px;--awb-width-medium:100%;--awb-order-medium:0;--awb-spacing-right-medium:0px;--awb-spacing-left-medium:0px;--awb-width-small:100%;--awb-order-small:0;--awb-spacing-right-small:0px;--awb-spacing-left-small:0px;\"><div class=\"fusion-column-wrapper fusion-column-has-shadow fusion-flex-justify-content-flex-start fusion-content-layout-column\"><div class=\"fusion-title title fusion-title-1 fusion-title-text fusion-title-size-six\" style=\"--awb-text-color:#ff9800;--awb-margin-bottom:15px;\"><div class=\"title-sep-container title-sep-container-left fusion-no-large-visibility fusion-no-medium-visibility fusion-no-small-visibility\"><div class=\"title-sep sep- sep-solid\" style=\"border-color:#e2e2e2;\"><\/div><\/div><span class=\"awb-title-spacer fusion-no-large-visibility fusion-no-medium-visibility fusion-no-small-visibility\"><\/span><h6 class=\"fusion-title-heading title-heading-left fusion-responsive-typography-calculated\" style=\"margin:0;--fontSize:15;--minFontSize:15;line-height:1.54;\"><p style=\"text-align: center;\">Davide Pedercini<\/p><\/h6><span class=\"awb-title-spacer\"><\/span><div class=\"title-sep-container title-sep-container-right\"><div class=\"title-sep sep- sep-solid\" style=\"border-color:#e2e2e2;\"><\/div><\/div><\/div><div class=\"fusion-text fusion-text-1\"><p style=\"text-align: justify;\">Lavoro da oltre dieci anni presso la Casa San Giuseppe di Brescia, la &#8220;Casa di accoglienza&#8221; che ospita uomini adulti con problematiche legate principalmente alla dipendenza da sostanze stupefacenti e alcol. Dal 2014, il servizio \u00e8 gestito dalla cooperativa CON-TATTO SERVIZI, che, insieme all&#8217;Istituto Palazzolo, prosegue la missione che San Luigi Palazzolo ha indicato, provando ogni giorno a vivere il suo carisma. Dei nostri 25 posti letto, una parte \u00e8 riservata alle misure alternative al carcere, le cui richieste sono tantissime. I detenuti ci conoscono come &#8220;dalle suore si sta bene&#8221; o &#8220;vai da Davide che ti aiuta a trovare un lavoro&#8221;. Non possiamo accogliere tutti e tocca a me, insieme alle mie colleghe, il compito pi\u00f9 difficile: scegliere chi accogliere subito, chi far aspettare e chi non poter accogliere. Queste decisioni richiedono un grande senso di responsabilit\u00e0 e di giustizia. Per un detenuto tossicodipendente, la giustizia consiste nel diritto di usufruire di una misura alternativa di cura che gli permetta di affrontare la propria dipendenza patologica con un percorso terapeutico riabilitativo. Quello che cerchiamo di trasmettere ai nostri ospiti \u00e8 che l\u2019uscita dal carcere in misura alternativa non \u00e8 solo un diritto, ma la possibilit\u00e0 di intraprendere un cambiamento e di iniziare a tracciare la strada per raggiungere obiettivi senza dover necessariamente attendere il fine pena all\u2019interno del carcere. Per questo motivo, non condivido che un ospite si lamenti con i magistrati perch\u00e9 non gli hanno concesso un determinato permesso e gli faccio notare che chi \u00e8 ancora in carcere non ha nemmeno la possibilit\u00e0 di attenderne una.<\/p>\n<p style=\"text-align: justify;\">In questi anni ho conosciuto diverse persone che, al loro arrivo a Casa San Giuseppe, avevano trascorso met\u00e0 della loro vita in carcere. In questo caso il senso di giustizia e di responsabilit\u00e0 consiste nel provare ad accompagnarli verso un&#8217;altra vita. Non \u00e8 semplice perch\u00e9 spesso constato che vengono commesse ingiustizie. Penso, per esempio, a quando un detenuto viene scarcerato dopo appena due giorni di terapia psicofarmacologica e noi operatori dobbiamo fare i salti mortali per trovare il medico che prescriva determinati farmaci. In questo caso, il diritto alle cure non viene rispettato. Non neghiamo loro che il senso di giustizia a volte vacilli, ma li invitiamo ad avere comunque fiducia di noi e che insieme proveremo a risolvere una determinata complessit\u00e0.<\/p>\n<p style=\"text-align: justify;\">Quando un ospite viola le prescrizioni del Tribunale di sorveglianza, perch\u00e9 non rispetta gli orari di rientro o perch\u00e9 \u00e8 ricaduto nell\u2019uso di sostanze stupefacenti o alcoliche, noi operatori abbiamo l\u2019obbligo di avvisare le autorit\u00e0 preposte alla sorveglianza. Sappiamo che la conseguenza potrebbe essere il rientro in carcere. Talvolta \u00e8 l\u2019\u00e9quipe educativa a prendere la decisione di revocare la disponibilit\u00e0 all\u2019accoglienza, quando l\u2019azione commessa \u00e8 troppo grave o quando \u00e8 stata ripetuta nel tempo nonostante i vari richiami.<\/p>\n<p style=\"text-align: justify;\">Siamo consapevoli delle fragilit\u00e0 dei nostri ospiti, ma non possiamo sostituirci a loro. Forse Casa San Giuseppe non \u00e8 il contesto pi\u00f9 adatto per determinate tipologie di dipendenze, perch\u00e9 troppo aperto. Nei momenti molto dolorosi in cui vediamo arrivare le Forze dell\u2019Ordine e riportare in carcere un nostro ospite, quello che dico sempre \u00e8 che comunque abbiamo rispettato il senso di giustizia. Abbiamo rispettato soprattutto le fatiche e la motivazione di chi \u00e8 in misura alternativa e rispetta sempre le prescrizioni, di chi ogni giorno sceglie di cambiare vita, ma anche di chi si trova ancora in carcere e gi\u00e0 da l\u00ec si sta mettendo in discussione per avviare un percorso di cambiamento, nell\u2019attesa forse di poter uscire anche prima del fine pena.<\/p>\n<p style=\"text-align: justify;\">Credo fortemente in questo senso di giustizia che ci porta a prendere delle decisioni importanti per la vita delle persone. Spesso rileggo le parole che il biografo Castelletti ha scritto su San Luigi Palazzolo: \u201cQuanto \u00e8 pieno di piet\u00e0 per i poveri tribolati di qualsiasi maniera, altrettanto \u00e8 pieno di vigore contro quelli che possono togliere la pace e l&#8217;ordine nella sua famiglia\u201d.<\/p>\n<p style=\"text-align: justify;\">A Casa San Giuseppe cerchiamo quindi di dare un senso di giustizia partendo dall\u2019azione pi\u00f9 semplice che San Luigi ci chiede e ci ricorda sempre: il fare Casa.<\/p>\n<\/div><div class=\"fusion-separator fusion-full-width-sep\" style=\"align-self: center;margin-left: auto;margin-right: auto;margin-top:5px;margin-bottom:5px;width:100%;\"><div class=\"fusion-separator-border sep-single sep-solid\" style=\"--awb-height:20px;--awb-amount:20px;border-color:#e0dede;border-top-width:1px;\"><\/div><\/div><div class=\"fusion-text fusion-text-2\"><p style=\"text-align: left;\"><a href=\"https:\/\/www.suoredellepoverelle.it\/ita\/rivista-charitas\/\"><strong>Torna alla pagina di Charitas<\/strong><\/a><\/p>\n<\/div><\/div><\/div><\/div><\/div>\n","protected":false},"excerpt":{"rendered":"","protected":false},"author":1,"featured_media":9242,"comment_status":"closed","ping_status":"closed","sticky":false,"template":"","format":"standard","meta":{"om_disable_all_campaigns":false,"_monsterinsights_skip_tracking":false,"_monsterinsights_sitenote_active":false,"_monsterinsights_sitenote_note":"","_monsterinsights_sitenote_category":0,"_price":"","_stock":"","_tribe_ticket_header":"","_tribe_default_ticket_provider":"","_ticket_start_date":"","_ticket_end_date":"","_tribe_ticket_show_description":"","_tribe_ticket_show_not_going":false,"_tribe_ticket_use_global_stock":"","_tribe_ticket_global_stock_level":"","_global_stock_mode":"","_global_stock_cap":"","_tribe_rsvp_for_event":"","_tribe_ticket_going_count":"","_tribe_ticket_not_going_count":"","_tribe_tickets_list":"[]","_tribe_ticket_has_attendee_info_fields":false,"footnotes":""},"categories":[55],"tags":[],"class_list":["post-9241","post","type-post","status-publish","format-standard","has-post-thumbnail","hentry","category-ch-dal-mondo"],"aioseo_notices":[],"_links":{"self":[{"href":"https:\/\/www.suoredellepoverelle.it\/ita\/wp-json\/wp\/v2\/posts\/9241","targetHints":{"allow":["GET"]}}],"collection":[{"href":"https:\/\/www.suoredellepoverelle.it\/ita\/wp-json\/wp\/v2\/posts"}],"about":[{"href":"https:\/\/www.suoredellepoverelle.it\/ita\/wp-json\/wp\/v2\/types\/post"}],"author":[{"embeddable":true,"href":"https:\/\/www.suoredellepoverelle.it\/ita\/wp-json\/wp\/v2\/users\/1"}],"replies":[{"embeddable":true,"href":"https:\/\/www.suoredellepoverelle.it\/ita\/wp-json\/wp\/v2\/comments?post=9241"}],"version-history":[{"count":2,"href":"https:\/\/www.suoredellepoverelle.it\/ita\/wp-json\/wp\/v2\/posts\/9241\/revisions"}],"predecessor-version":[{"id":9244,"href":"https:\/\/www.suoredellepoverelle.it\/ita\/wp-json\/wp\/v2\/posts\/9241\/revisions\/9244"}],"wp:featuredmedia":[{"embeddable":true,"href":"https:\/\/www.suoredellepoverelle.it\/ita\/wp-json\/wp\/v2\/media\/9242"}],"wp:attachment":[{"href":"https:\/\/www.suoredellepoverelle.it\/ita\/wp-json\/wp\/v2\/media?parent=9241"}],"wp:term":[{"taxonomy":"category","embeddable":true,"href":"https:\/\/www.suoredellepoverelle.it\/ita\/wp-json\/wp\/v2\/categories?post=9241"},{"taxonomy":"post_tag","embeddable":true,"href":"https:\/\/www.suoredellepoverelle.it\/ita\/wp-json\/wp\/v2\/tags?post=9241"}],"curies":[{"name":"wp","href":"https:\/\/api.w.org\/{rel}","templated":true}]}}